{"id":1,"date":"2025-10-17T13:18:26","date_gmt":"2025-10-17T13:18:26","guid":{"rendered":"https:\/\/turkishexporters.directory\/blog\/?p=1"},"modified":"2025-10-17T14:50:11","modified_gmt":"2025-10-17T14:50:11","slug":"merhaba","status":"publish","type":"post","link":"https:\/\/turkishexporters.directory\/blog\/merhaba\/","title":{"rendered":"\u0130hracat Yolculu\u011funa Ho\u015f Geldiniz!"},"content":{"rendered":"\n<p class=\"wp-block-paragraph\" style=\"text-transform:capitalize\">K\u00fcreselle\u015fen d\u00fcnyada yerel kalmak art\u0131k bir se\u00e7enek de\u011fil. \u00d6zellikle \u00fcretici ve giri\u015fimciler i\u00e7in d\u0131\u015f pazarlara a\u00e7\u0131lmak; b\u00fcy\u00fcmenin, s\u00fcrd\u00fcr\u00fclebilirli\u011fin ve marka de\u011ferinin temel yollar\u0131ndan biri haline geldi. Ancak ihracat, sadece \u00fcr\u00fcn g\u00f6ndermekten ibaret de\u011fildir. Bu yolculuk; strateji, ara\u015ft\u0131rma, planlama ve bolca deneyim gerektirir.<\/p>\n\n\n\n<p class=\"wp-block-paragraph\" style=\"text-transform:capitalize\">Bu blog serisinde; ihracat\u0131n temellerinden ba\u015flayarak, s\u0131k yap\u0131lan hatalara, do\u011fru m\u00fc\u015fteri bulma y\u00f6ntemlerine, lojistik y\u00f6netimine ve devlet desteklerine kadar bir\u00e7ok \u00f6nemli konuya de\u011finece\u011fiz.<\/p>\n\n\n\n<p class=\"wp-block-paragraph\" style=\"text-transform:capitalize\">\u0130lk konumuzla yak\u0131nda ba\u015fl\u0131yoruz<\/p>\n\n\n\n<p class=\"wp-block-paragraph\" style=\"text-transform:capitalize\">Haz\u0131rsan\u0131z birlikte yola \u00e7\u0131kal\u0131m! \ud83c\udf0d\u2708\ufe0f<\/p>\n\n\n\n<p class=\"wp-block-paragraph\"><\/p>\n","protected":false},"excerpt":{"rendered":"<p>K\u00fcreselle\u015fen d\u00fcnyada yerel kalmak art\u0131k bir se\u00e7enek de\u011fil. \u00d6zellikle \u00fcretici ve giri\u015fimciler i\u00e7in d\u0131\u015f pazarlara a\u00e7\u0131lmak; b\u00fcy\u00fcmenin, s\u00fcrd\u00fcr\u00fclebilirli\u011fin ve marka de\u011ferinin temel yollar\u0131ndan biri haline geldi. Ancak ihracat, sadece \u00fcr\u00fcn g\u00f6ndermekten ibaret de\u011fildir. Bu yolculuk; strateji, ara\u015ft\u0131rma, planlama ve bolca deneyim gerektirir. Bu blog serisinde; ihracat\u0131n temellerinden ba\u015flayarak, s\u0131k yap\u0131lan hatalara, do\u011fru m\u00fc\u015fteri bulma y\u00f6ntemlerine,&hellip;<\/p>\n","protected":false},"author":1,"featured_media":9,"comment_status":"open","ping_status":"open","sticky":false,"template":"","format":"standard","meta":{"_crdt_document":"","footnotes":""},"categories":[1],"tags":[],"class_list":["post-1","post","type-post","status-publish","format-standard","has-post-thumbnail","hentry","category-uncategorized"],"jetpack_featured_media_url":"https:\/\/turkishexporters.directory\/blog\/wp-content\/uploads\/2025\/10\/ihracat-rakamlari-belli-oldu-69870.png","_links":{"self":[{"href":"https:\/\/turkishexporters.directory\/blog\/wp-json\/wp\/v2\/posts\/1","targetHints":{"allow":["GET"]}}],"collection":[{"href":"https:\/\/turkishexporters.directory\/blog\/wp-json\/wp\/v2\/posts"}],"about":[{"href":"https:\/\/turkishexporters.directory\/blog\/wp-json\/wp\/v2\/types\/post"}],"author":[{"embeddable":true,"href":"https:\/\/turkishexporters.directory\/blog\/wp-json\/wp\/v2\/users\/1"}],"replies":[{"embeddable":true,"href":"https:\/\/turkishexporters.directory\/blog\/wp-json\/wp\/v2\/comments?post=1"}],"version-history":[{"count":5,"href":"https:\/\/turkishexporters.directory\/blog\/wp-json\/wp\/v2\/posts\/1\/revisions"}],"predecessor-version":[{"id":24,"href":"https:\/\/turkishexporters.directory\/blog\/wp-json\/wp\/v2\/posts\/1\/revisions\/24"}],"wp:featuredmedia":[{"embeddable":true,"href":"https:\/\/turkishexporters.directory\/blog\/wp-json\/wp\/v2\/media\/9"}],"wp:attachment":[{"href":"https:\/\/turkishexporters.directory\/blog\/wp-json\/wp\/v2\/media?parent=1"}],"wp:term":[{"taxonomy":"category","embeddable":true,"href":"https:\/\/turkishexporters.directory\/blog\/wp-json\/wp\/v2\/categories?post=1"},{"taxonomy":"post_tag","embeddable":true,"href":"https:\/\/turkishexporters.directory\/blog\/wp-json\/wp\/v2\/tags?post=1"}],"curies":[{"name":"wp","href":"https:\/\/api.w.org\/{rel}","templated":true}]}}